{"id":858,"date":"2022-09-09T08:40:32","date_gmt":"2022-09-09T06:40:32","guid":{"rendered":"http:\/\/rk-wetter.de\/?p=858"},"modified":"2022-09-09T08:40:34","modified_gmt":"2022-09-09T06:40:34","slug":"rk-fahrt-nach-bueckeburg","status":"publish","type":"post","link":"https:\/\/rk-wetter.de\/?p=858","title":{"rendered":"RK Fahrt nach B\u00fcckeburg"},"content":{"rendered":"\n<p>Eine besondere Fahrt konnten die Mitglieder der RK Wetter nach B\u00fcckeburg durchf\u00fchren. Am 18 August ging es zu erst zu einer F\u00fchrung in die Kaserne des Internationalen Hubschrauberausbildungszentrum und anschlie\u00dfend in das Hubschraubermuseum.&nbsp;<\/p>\n<p>&nbsp;<\/p>\n\n\n\n<figure class=\"wp-block-image size-full\"><img loading=\"lazy\" decoding=\"async\" width=\"640\" height=\"480\" src=\"http:\/\/rk-wetter.de\/wp-content\/uploads\/2022\/09\/IMG_3668.jpg\" alt=\"\" class=\"wp-image-862\" srcset=\"https:\/\/rk-wetter.de\/wp-content\/uploads\/2022\/09\/IMG_3668.jpg 640w, https:\/\/rk-wetter.de\/wp-content\/uploads\/2022\/09\/IMG_3668-300x225.jpg 300w\" sizes=\"(max-width: 640px) 100vw, 640px\" \/><\/figure>\n","protected":false},"excerpt":{"rendered":"<p>Eine besondere Fahrt konnten die Mitglieder der RK Wetter nach B\u00fcckeburg durchf\u00fchren. Am 18 August ging es zu erst zu einer F\u00fchrung in die Kaserne des Internationalen Hubschrauberausbildungszentrum und anschlie\u00dfend in das Hubschraubermuseum.&nbsp; &nbsp;<\/p>\n","protected":false},"author":4,"featured_media":859,"comment_status":"closed","ping_status":"closed","sticky":false,"template":"","format":"standard","meta":{"ngg_post_thumbnail":0,"footnotes":""},"categories":[2],"tags":[],"_links":{"self":[{"href":"https:\/\/rk-wetter.de\/index.php?rest_route=\/wp\/v2\/posts\/858"}],"collection":[{"href":"https:\/\/rk-wetter.de\/index.php?rest_route=\/wp\/v2\/posts"}],"about":[{"href":"https:\/\/rk-wetter.de\/index.php?rest_route=\/wp\/v2\/types\/post"}],"author":[{"embeddable":true,"href":"https:\/\/rk-wetter.de\/index.php?rest_route=\/wp\/v2\/users\/4"}],"replies":[{"embeddable":true,"href":"https:\/\/rk-wetter.de\/index.php?rest_route=%2Fwp%2Fv2%2Fcomments&post=858"}],"version-history":[{"count":3,"href":"https:\/\/rk-wetter.de\/index.php?rest_route=\/wp\/v2\/posts\/858\/revisions"}],"predecessor-version":[{"id":863,"href":"https:\/\/rk-wetter.de\/index.php?rest_route=\/wp\/v2\/posts\/858\/revisions\/863"}],"wp:featuredmedia":[{"embeddable":true,"href":"https:\/\/rk-wetter.de\/index.php?rest_route=\/wp\/v2\/media\/859"}],"wp:attachment":[{"href":"https:\/\/rk-wetter.de\/index.php?rest_route=%2Fwp%2Fv2%2Fmedia&parent=858"}],"wp:term":[{"taxonomy":"category","embeddable":true,"href":"https:\/\/rk-wetter.de\/index.php?rest_route=%2Fwp%2Fv2%2Fcategories&post=858"},{"taxonomy":"post_tag","embeddable":true,"href":"https:\/\/rk-wetter.de\/index.php?rest_route=%2Fwp%2Fv2%2Ftags&post=858"}],"curies":[{"name":"wp","href":"https:\/\/api.w.org\/{rel}","templated":true}]}}