{"id":843,"date":"2022-05-16T12:57:44","date_gmt":"2022-05-16T10:57:44","guid":{"rendered":"http:\/\/rk-wetter.de\/?p=843"},"modified":"2023-03-28T09:10:56","modified_gmt":"2023-03-28T07:10:56","slug":"ruhrtalmarsch-2022","status":"publish","type":"post","link":"https:\/\/rk-wetter.de\/?p=843","title":{"rendered":"Ruhrtalmarsch 2022"},"content":{"rendered":"\n<p>Am 28 Mai findet der Ruhrtalmarsch der RK Wetter in Kooperation mit der Kreisgruppe Unna, der Freiwilligen Feuerwehr Wetter, dem DRK und der DLRG zum 5. mal statt. Teilnehmer k\u00f6nnen &#8211; nach Verbandsvorgabe zur Erf\u00fcllung der KLF &#8211; zwischen 6, 9 und 12 KM Strecke w\u00e4hlen.&nbsp;&nbsp;<br><br>Meldekopf: ab 08:00 Uhr besetzt<br>Meldekopf: Wasserstr. 16, 58300 Wetter, Feuerwehrwache Wetter<br>Antreten: 09:30 Uhr<br>Start: 10:00 Uhr<br>Veranstaltungsort:<br>Wasserstr. 16, 58300 Wetter, Feuerwehrwache Wetter&nbsp;<br><br><!--more-->Jeder Teilnehmer erh\u00e4lt eine Urkunde. F\u00fcr das Ausf\u00fcllen der Urkunden sind korrekte <br>Angaben bei der Teilnehmermeldung notwendig. Neben dieser wird die Teilnahme im <br>Ausbildungspass best\u00e4tigt und vom Leitenden unterschrieben<\/p>\n<p><strong>Teilnehmermeldung:<\/strong><br>Teilnehmermeldungen sind schriftlich, per Post oder per E-Mail, bis sp\u00e4testens 25.05.22 an <br>die Gesch\u00e4ftsstelle Unna zu richten.<br><br><a href=\"mailto:unna@reservistenverband.de\">unna@reservistenverband.de<\/a> \/ Gl\u00fcckauf Kaserne, Kamener \u2013 Stra\u00dfe 93-97 in 59425 Unna<br><br><strong>Anmerkungen:<\/strong><br>Geforderte Voraussetzungen werden alle w\u00e4hrend der Veranstaltung geschaffen.<br>Vor dem Leistungsmarsch ist von jedem Teilnehmer zwingend erforderlich, die von ihm <br>geplante Marschstrecke am Meldekopf zu hinterlegen.<br><br><strong>Coronaschutzverordnung<\/strong><br>Die Coronaschutzverordnung \u2013 CoronaSchVO des Landes Nordrhein-Westfalen in der dann <br>g\u00fcltigen Fassung und die Hygienebestimmungen sind einzuhalten. Es gilt die 3G-Regel: <br>geimpft, genesen oder getestet. Der Nachweis ist am Meldekopf unaufgefordert vorzulegen.<br><br><\/p>\n<p><img loading=\"lazy\" decoding=\"async\" class=\"alignnone size-medium wp-image-844\" src=\"http:\/\/rk-wetter.de\/wp-content\/uploads\/2022\/05\/Plakat_Neu-225x300.png\" alt=\"\" width=\"225\" height=\"300\" srcset=\"https:\/\/rk-wetter.de\/wp-content\/uploads\/2022\/05\/Plakat_Neu-225x300.png 225w, https:\/\/rk-wetter.de\/wp-content\/uploads\/2022\/05\/Plakat_Neu-768x1024.png 768w, https:\/\/rk-wetter.de\/wp-content\/uploads\/2022\/05\/Plakat_Neu-1152x1536.png 1152w, https:\/\/rk-wetter.de\/wp-content\/uploads\/2022\/05\/Plakat_Neu-750x1000.png 750w, https:\/\/rk-wetter.de\/wp-content\/uploads\/2022\/05\/Plakat_Neu.png 1536w\" sizes=\"(max-width: 225px) 100vw, 225px\" \/><\/p>\n","protected":false},"excerpt":{"rendered":"<p>Am 28 Mai findet der Ruhrtalmarsch der RK Wetter in Kooperation mit der Kreisgruppe Unna, der Freiwilligen Feuerwehr Wetter, dem DRK und der DLRG zum 5. mal statt. Teilnehmer k\u00f6nnen &#8211; nach Verbandsvorgabe zur Erf\u00fcllung der KLF &#8211; zwischen 6, 9 und 12 KM Strecke w\u00e4hlen.&nbsp;&nbsp; Meldekopf: ab 08:00 Uhr besetztMeldekopf: Wasserstr. 16, 58300 Wetter, &hellip; <\/p>\n<p><a class=\"more-link btn\" href=\"https:\/\/rk-wetter.de\/?p=843\">Weiterlesen<\/a><\/p>\n","protected":false},"author":4,"featured_media":844,"comment_status":"closed","ping_status":"closed","sticky":false,"template":"","format":"standard","meta":{"ngg_post_thumbnail":0,"footnotes":""},"categories":[2],"tags":[5],"_links":{"self":[{"href":"https:\/\/rk-wetter.de\/index.php?rest_route=\/wp\/v2\/posts\/843"}],"collection":[{"href":"https:\/\/rk-wetter.de\/index.php?rest_route=\/wp\/v2\/posts"}],"about":[{"href":"https:\/\/rk-wetter.de\/index.php?rest_route=\/wp\/v2\/types\/post"}],"author":[{"embeddable":true,"href":"https:\/\/rk-wetter.de\/index.php?rest_route=\/wp\/v2\/users\/4"}],"replies":[{"embeddable":true,"href":"https:\/\/rk-wetter.de\/index.php?rest_route=%2Fwp%2Fv2%2Fcomments&post=843"}],"version-history":[{"count":2,"href":"https:\/\/rk-wetter.de\/index.php?rest_route=\/wp\/v2\/posts\/843\/revisions"}],"predecessor-version":[{"id":849,"href":"https:\/\/rk-wetter.de\/index.php?rest_route=\/wp\/v2\/posts\/843\/revisions\/849"}],"wp:featuredmedia":[{"embeddable":true,"href":"https:\/\/rk-wetter.de\/index.php?rest_route=\/wp\/v2\/media\/844"}],"wp:attachment":[{"href":"https:\/\/rk-wetter.de\/index.php?rest_route=%2Fwp%2Fv2%2Fmedia&parent=843"}],"wp:term":[{"taxonomy":"category","embeddable":true,"href":"https:\/\/rk-wetter.de\/index.php?rest_route=%2Fwp%2Fv2%2Fcategories&post=843"},{"taxonomy":"post_tag","embeddable":true,"href":"https:\/\/rk-wetter.de\/index.php?rest_route=%2Fwp%2Fv2%2Ftags&post=843"}],"curies":[{"name":"wp","href":"https:\/\/api.w.org\/{rel}","templated":true}]}}