{"id":838,"date":"2021-12-21T18:30:42","date_gmt":"2021-12-21T16:30:42","guid":{"rendered":"http:\/\/rk-wetter.de\/?p=838"},"modified":"2021-12-21T18:30:43","modified_gmt":"2021-12-21T16:30:43","slug":"weihnachten-2021","status":"publish","type":"post","link":"https:\/\/rk-wetter.de\/?p=838","title":{"rendered":"Weihnachten 2021"},"content":{"rendered":"\n<p>Sehr geehrte Kameradinnen, sehr geehrte Kameraden,<br>liebe Freunde und F\u00f6rderer der RK Wetter,<\/p>\n\n\n\n<p>das Jahr 2021 neigt sich dem Ende entgegen \u2013 Zeit innezuhalten und Kraft zu tanken.<\/p>\n\n\n\n<p>Wir w\u00fcnschen Euch und Euren Familien daf\u00fcr ein gesegnetes Weihnachtsfest und einen guten Rutsch ins neue Jahr.<\/p>\n\n\n\n<p>Michael, Dieter, Reinhold, Lars, Thorsten<\/p>\n\n\n\n<p>Vorstand RK Wetter<\/p>\n\n\n\n<p>_______________________________________________________________<\/p>\n\n\n\n<p><br>Trennung<\/p>\n\n\n\n<p>_______________________________________________________________<\/p>\n\n\n\n<p><\/p>\n\n\n\n<p>Leider m\u00fcssen wir den geplanten Wintermarsch im Januar absagen. Die aktuelle Pandemielage und die doch massiv an uns herangetragenen Bedenken, die wir teilen, machen eine Durchf\u00fchrung im gewohnten Rahmen unm\u00f6glich. F\u00fcrsorge und R\u00fccksicht auf alle Kameradinnen und Kameraden unserer RK haben absoluten Vorrang f\u00fcr uns !<\/p>\n\n\n\n<p>Daher haben wir uns im Vorstand entschlossen, den Wintermarsch in den Sommer zu verlegen, wenn die Inzidenzzahlen deutlich geringer zu erwarten sind. Aufgeschoben ist hier eben nicht aufgehoben und wir hoffen, das trifft bei Euch ebenfalls auf Zustimmung.<\/p>\n\n\n\n<p>In der Hoffnung auf ein \u201enormales\u201c 2022 \u2013 bleibt bitte gesund und der RK Wetter gewogen.<\/p>\n","protected":false},"excerpt":{"rendered":"<p>Sehr geehrte Kameradinnen, sehr geehrte Kameraden,liebe Freunde und F\u00f6rderer der RK Wetter, das Jahr 2021 neigt sich dem Ende entgegen \u2013 Zeit innezuhalten und Kraft zu tanken. Wir w\u00fcnschen Euch und Euren Familien daf\u00fcr ein gesegnetes Weihnachtsfest und einen guten Rutsch ins neue Jahr. Michael, Dieter, Reinhold, Lars, Thorsten Vorstand RK Wetter _______________________________________________________________ Trennung _______________________________________________________________ &hellip; <\/p>\n<p><a class=\"more-link btn\" href=\"https:\/\/rk-wetter.de\/?p=838\">Weiterlesen<\/a><\/p>\n","protected":false},"author":4,"featured_media":839,"comment_status":"closed","ping_status":"closed","sticky":false,"template":"","format":"standard","meta":{"ngg_post_thumbnail":0,"footnotes":""},"categories":[2],"tags":[],"_links":{"self":[{"href":"https:\/\/rk-wetter.de\/index.php?rest_route=\/wp\/v2\/posts\/838"}],"collection":[{"href":"https:\/\/rk-wetter.de\/index.php?rest_route=\/wp\/v2\/posts"}],"about":[{"href":"https:\/\/rk-wetter.de\/index.php?rest_route=\/wp\/v2\/types\/post"}],"author":[{"embeddable":true,"href":"https:\/\/rk-wetter.de\/index.php?rest_route=\/wp\/v2\/users\/4"}],"replies":[{"embeddable":true,"href":"https:\/\/rk-wetter.de\/index.php?rest_route=%2Fwp%2Fv2%2Fcomments&post=838"}],"version-history":[{"count":2,"href":"https:\/\/rk-wetter.de\/index.php?rest_route=\/wp\/v2\/posts\/838\/revisions"}],"predecessor-version":[{"id":841,"href":"https:\/\/rk-wetter.de\/index.php?rest_route=\/wp\/v2\/posts\/838\/revisions\/841"}],"wp:featuredmedia":[{"embeddable":true,"href":"https:\/\/rk-wetter.de\/index.php?rest_route=\/wp\/v2\/media\/839"}],"wp:attachment":[{"href":"https:\/\/rk-wetter.de\/index.php?rest_route=%2Fwp%2Fv2%2Fmedia&parent=838"}],"wp:term":[{"taxonomy":"category","embeddable":true,"href":"https:\/\/rk-wetter.de\/index.php?rest_route=%2Fwp%2Fv2%2Fcategories&post=838"},{"taxonomy":"post_tag","embeddable":true,"href":"https:\/\/rk-wetter.de\/index.php?rest_route=%2Fwp%2Fv2%2Ftags&post=838"}],"curies":[{"name":"wp","href":"https:\/\/api.w.org\/{rel}","templated":true}]}}