{"id":790,"date":"2021-10-04T08:25:59","date_gmt":"2021-10-04T06:25:59","guid":{"rendered":"http:\/\/rk-wetter.de\/?p=790"},"modified":"2021-10-05T17:42:22","modified_gmt":"2021-10-05T15:42:22","slug":"gedenkantreten-am-tag-der-deutschen-einheit","status":"publish","type":"post","link":"https:\/\/rk-wetter.de\/?p=790","title":{"rendered":"Gedenkantreten am Tag der deutschen Einheit"},"content":{"rendered":"\n<p><strong>Die Reservistenkameradschaft Wetter trauert um sehr verdiente Mitglieder, darunter auch ein Gr\u00fcndungsmitglied der RK Wetter und langj\u00e4hriger Kreiskassenwart<\/strong><\/p>\n<p>Da das \u00fcbliche Gedenken im passenden Rahmen anl\u00e4sslich der jeweiligen Beerdigung durch die Pandemie verwehrt wurde, hat die RK Wetter, in Verbindung mit der Kreisvorstand Unna zum 03.10. auf den Harkortberg geladen. Mit einem Gedenkantreten gedachten Kameradinnen und Kameraden aus der gesamten Kreisgruppe Unna den verstorbenen:<\/p>\n<p>EBERHARD BECKMANN, verstorben im Alter von 69 Jahren, Mitglied in der RK seit dem 01081998 \u2013 Bekannt und ausgezeichnet f\u00fcr seinen Einsatz beim Volksbund Deutscher Kriegsgr\u00e4berf\u00fcrsorge.<\/p>\n<p>HANS-WERNER T\u00d6NIS, verstorben im Alter von 71 Jahren, Mitglied in der RK seit dem 01021972 \u2013<br>Gr\u00fcnder der RK Wetter im Jahre 1973 und langj\u00e4hriger Vorsitzender der RK Wetter und der RAG Schie\u00dfsport Wetter \u2013 Kreiskassenwart seit 45 Jahren!<\/p>\n<p>KARL-HEINZ BRASELMANN, verstorben im Alter von 71 Jahren, Mitglied in der RK seit dem 01091989.<\/p>\n<p>RALF SCHULLER, verstorben im Alter von 55 Jahren, Mitglied in der RK seit dem 01021995.<\/p>\n<p>Die anwesenden Kameradinnen und Kameraden werden die Verstorbenen als Vorbild in Erinnerung behalten und ihnen ein ehrendes Andenken bewahren.<\/p>\n\n\n\n<p><img loading=\"lazy\" decoding=\"async\" class=\"alignnone size-medium wp-image-792\" src=\"http:\/\/rk-wetter.de\/wp-content\/uploads\/2021\/10\/Kameraden-300x241.jpg\" alt=\"\" width=\"300\" height=\"241\" srcset=\"https:\/\/rk-wetter.de\/wp-content\/uploads\/2021\/10\/Kameraden-300x241.jpg 300w, https:\/\/rk-wetter.de\/wp-content\/uploads\/2021\/10\/Kameraden-1024x824.jpg 1024w, https:\/\/rk-wetter.de\/wp-content\/uploads\/2021\/10\/Kameraden-768x618.jpg 768w, https:\/\/rk-wetter.de\/wp-content\/uploads\/2021\/10\/Kameraden-1536x1236.jpg 1536w, https:\/\/rk-wetter.de\/wp-content\/uploads\/2021\/10\/Kameraden-2048x1648.jpg 2048w, https:\/\/rk-wetter.de\/wp-content\/uploads\/2021\/10\/Kameraden-750x604.jpg 750w\" sizes=\"(max-width: 300px) 100vw, 300px\" \/><\/p>\n<p><img loading=\"lazy\" decoding=\"async\" class=\"alignnone size-medium wp-image-793\" src=\"http:\/\/rk-wetter.de\/wp-content\/uploads\/2021\/10\/Ehrenformation-2-300x101.jpg\" alt=\"\" width=\"300\" height=\"101\" srcset=\"https:\/\/rk-wetter.de\/wp-content\/uploads\/2021\/10\/Ehrenformation-2-300x101.jpg 300w, https:\/\/rk-wetter.de\/wp-content\/uploads\/2021\/10\/Ehrenformation-2-1024x346.jpg 1024w, https:\/\/rk-wetter.de\/wp-content\/uploads\/2021\/10\/Ehrenformation-2-768x260.jpg 768w, https:\/\/rk-wetter.de\/wp-content\/uploads\/2021\/10\/Ehrenformation-2-1536x520.jpg 1536w, https:\/\/rk-wetter.de\/wp-content\/uploads\/2021\/10\/Ehrenformation-2-2048x693.jpg 2048w, https:\/\/rk-wetter.de\/wp-content\/uploads\/2021\/10\/Ehrenformation-2-750x254.jpg 750w\" sizes=\"(max-width: 300px) 100vw, 300px\" \/><\/p>\n<p><img loading=\"lazy\" decoding=\"async\" class=\"alignnone size-medium wp-image-794\" src=\"http:\/\/rk-wetter.de\/wp-content\/uploads\/2021\/10\/WhatsApp-Image-2021-10-03-at-13.50.19-300x160.jpeg\" alt=\"\" width=\"300\" height=\"160\" srcset=\"https:\/\/rk-wetter.de\/wp-content\/uploads\/2021\/10\/WhatsApp-Image-2021-10-03-at-13.50.19-300x160.jpeg 300w, https:\/\/rk-wetter.de\/wp-content\/uploads\/2021\/10\/WhatsApp-Image-2021-10-03-at-13.50.19-768x410.jpeg 768w, https:\/\/rk-wetter.de\/wp-content\/uploads\/2021\/10\/WhatsApp-Image-2021-10-03-at-13.50.19-750x400.jpeg 750w, https:\/\/rk-wetter.de\/wp-content\/uploads\/2021\/10\/WhatsApp-Image-2021-10-03-at-13.50.19.jpeg 1024w\" sizes=\"(max-width: 300px) 100vw, 300px\" \/><\/p>\n","protected":false},"excerpt":{"rendered":"<p>Die Reservistenkameradschaft Wetter trauert um sehr verdiente Mitglieder, darunter auch ein Gr\u00fcndungsmitglied der RK Wetter und langj\u00e4hriger Kreiskassenwart Da das \u00fcbliche Gedenken im passenden Rahmen anl\u00e4sslich der jeweiligen Beerdigung durch die Pandemie verwehrt wurde, hat die RK Wetter, in Verbindung mit der Kreisvorstand Unna zum 03.10. auf den Harkortberg geladen. Mit einem Gedenkantreten gedachten Kameradinnen &hellip; <\/p>\n<p><a class=\"more-link btn\" href=\"https:\/\/rk-wetter.de\/?p=790\">Weiterlesen<\/a><\/p>\n","protected":false},"author":4,"featured_media":791,"comment_status":"closed","ping_status":"closed","sticky":false,"template":"","format":"standard","meta":{"ngg_post_thumbnail":0,"footnotes":""},"categories":[2],"tags":[],"_links":{"self":[{"href":"https:\/\/rk-wetter.de\/index.php?rest_route=\/wp\/v2\/posts\/790"}],"collection":[{"href":"https:\/\/rk-wetter.de\/index.php?rest_route=\/wp\/v2\/posts"}],"about":[{"href":"https:\/\/rk-wetter.de\/index.php?rest_route=\/wp\/v2\/types\/post"}],"author":[{"embeddable":true,"href":"https:\/\/rk-wetter.de\/index.php?rest_route=\/wp\/v2\/users\/4"}],"replies":[{"embeddable":true,"href":"https:\/\/rk-wetter.de\/index.php?rest_route=%2Fwp%2Fv2%2Fcomments&post=790"}],"version-history":[{"count":2,"href":"https:\/\/rk-wetter.de\/index.php?rest_route=\/wp\/v2\/posts\/790\/revisions"}],"predecessor-version":[{"id":809,"href":"https:\/\/rk-wetter.de\/index.php?rest_route=\/wp\/v2\/posts\/790\/revisions\/809"}],"wp:featuredmedia":[{"embeddable":true,"href":"https:\/\/rk-wetter.de\/index.php?rest_route=\/wp\/v2\/media\/791"}],"wp:attachment":[{"href":"https:\/\/rk-wetter.de\/index.php?rest_route=%2Fwp%2Fv2%2Fmedia&parent=790"}],"wp:term":[{"taxonomy":"category","embeddable":true,"href":"https:\/\/rk-wetter.de\/index.php?rest_route=%2Fwp%2Fv2%2Fcategories&post=790"},{"taxonomy":"post_tag","embeddable":true,"href":"https:\/\/rk-wetter.de\/index.php?rest_route=%2Fwp%2Fv2%2Ftags&post=790"}],"curies":[{"name":"wp","href":"https:\/\/api.w.org\/{rel}","templated":true}]}}