{"id":755,"date":"2018-08-28T19:41:03","date_gmt":"2018-08-28T17:41:03","guid":{"rendered":"http:\/\/rk-wetter.de\/?p=755"},"modified":"2021-04-07T15:14:03","modified_gmt":"2021-04-07T13:14:03","slug":"seefest-2018","status":"publish","type":"post","link":"https:\/\/rk-wetter.de\/?p=755","title":{"rendered":"Seefest 2018"},"content":{"rendered":"<p>&nbsp;<\/p>\n<p><img loading=\"lazy\" decoding=\"async\" class=\"size-thumbnail wp-image-617 alignleft\" src=\"http:\/\/rk-wetter.de\/wp-content\/uploads\/2017\/07\/20017903_1372084102826783_6281958593188420640_o-150x150.jpg\" alt=\"\" width=\"150\" height=\"150\"><\/p>\n<p>Das 23. Seefest startet am Samstag, 1. September. Wir hoffen auch in diesem Jahr auf viele Besucher und interessante Gespr\u00e4che. Wie immer halten wir f\u00fcr die kleinen Mitb\u00fcrger etwas S\u00fc\u00dfes bereit. Von den Besuchern h\u00e4tten wir gerne eine Spende in Form von Kronkorken. Diese runden Blechst\u00fccke wiegen nicht einmal 2 Gramm und einmal pro Jahr werden die gesammelten Kronkorken zum Wertstoffh\u00e4ndler gebracht. Der Erl\u00f6s wird dann 1:1 der &#8222;Patientenhilfe Darmkrebs&#8220; gespendet. Also bitte besucht uns und bringt Kronkorken mit. Danke!<\/p>\n","protected":false},"excerpt":{"rendered":"<p>&nbsp; Das 23. Seefest startet am Samstag, 1. September. Wir hoffen auch in diesem Jahr auf viele Besucher und interessante Gespr\u00e4che. Wie immer halten wir f\u00fcr die kleinen Mitb\u00fcrger etwas S\u00fc\u00dfes bereit. Von den Besuchern h\u00e4tten wir gerne eine Spende in Form von Kronkorken. Diese runden Blechst\u00fccke wiegen nicht einmal 2 Gramm und einmal pro &hellip; <\/p>\n<p><a class=\"more-link btn\" href=\"https:\/\/rk-wetter.de\/?p=755\">Weiterlesen<\/a><\/p>\n","protected":false},"author":1,"featured_media":614,"comment_status":"closed","ping_status":"closed","sticky":false,"template":"","format":"standard","meta":{"ngg_post_thumbnail":0,"footnotes":""},"categories":[4],"tags":[],"_links":{"self":[{"href":"https:\/\/rk-wetter.de\/index.php?rest_route=\/wp\/v2\/posts\/755"}],"collection":[{"href":"https:\/\/rk-wetter.de\/index.php?rest_route=\/wp\/v2\/posts"}],"about":[{"href":"https:\/\/rk-wetter.de\/index.php?rest_route=\/wp\/v2\/types\/post"}],"author":[{"embeddable":true,"href":"https:\/\/rk-wetter.de\/index.php?rest_route=\/wp\/v2\/users\/1"}],"replies":[{"embeddable":true,"href":"https:\/\/rk-wetter.de\/index.php?rest_route=%2Fwp%2Fv2%2Fcomments&post=755"}],"version-history":[{"count":4,"href":"https:\/\/rk-wetter.de\/index.php?rest_route=\/wp\/v2\/posts\/755\/revisions"}],"predecessor-version":[{"id":760,"href":"https:\/\/rk-wetter.de\/index.php?rest_route=\/wp\/v2\/posts\/755\/revisions\/760"}],"wp:featuredmedia":[{"embeddable":true,"href":"https:\/\/rk-wetter.de\/index.php?rest_route=\/wp\/v2\/media\/614"}],"wp:attachment":[{"href":"https:\/\/rk-wetter.de\/index.php?rest_route=%2Fwp%2Fv2%2Fmedia&parent=755"}],"wp:term":[{"taxonomy":"category","embeddable":true,"href":"https:\/\/rk-wetter.de\/index.php?rest_route=%2Fwp%2Fv2%2Fcategories&post=755"},{"taxonomy":"post_tag","embeddable":true,"href":"https:\/\/rk-wetter.de\/index.php?rest_route=%2Fwp%2Fv2%2Ftags&post=755"}],"curies":[{"name":"wp","href":"https:\/\/api.w.org\/{rel}","templated":true}]}}