{"id":706,"date":"2017-10-17T21:56:54","date_gmt":"2017-10-17T19:56:54","guid":{"rendered":"http:\/\/rk-wetter.de\/?p=706"},"modified":"2021-04-07T15:15:04","modified_gmt":"2021-04-07T13:15:04","slug":"34-intern-huertgenwaldmarsch","status":"publish","type":"post","link":"https:\/\/rk-wetter.de\/?p=706","title":{"rendered":"34. intern. H\u00fcrtgenwaldmarsch"},"content":{"rendered":"<p><img loading=\"lazy\" decoding=\"async\" class=\"alignnone size-full wp-image-705\" src=\"http:\/\/rk-wetter.de\/wp-content\/uploads\/2017\/10\/IMG_20171014_151652823_HDR.jpg\" alt=\"\" width=\"3490\" height=\"1963\">Mit kleiner Mannschaft nahm die RK Wetter bei besten Bedingungen auch dieses Jahr am intern. H\u00fcrtgenwaldmarsch teil. Mit Strecken \u00fcber 10 km bzw.&nbsp; 20 km lie\u00df sich die k\u00f6rperliche Bet\u00e4tigung wunderbar mit der Freude an frischer Luft und sch\u00f6ner Landschaft verbinden. Ziemlich zufrieden kehrten somit alle nach \u00fcberstandenem Stau auf der R\u00fcckfahrt nach Wetter zur\u00fcck.<\/p>\n","protected":false},"excerpt":{"rendered":"<p>Mit kleiner Mannschaft nahm die RK Wetter bei besten Bedingungen auch dieses Jahr am intern. H\u00fcrtgenwaldmarsch teil. Mit Strecken \u00fcber 10 km bzw.&nbsp; 20 km lie\u00df sich die k\u00f6rperliche Bet\u00e4tigung wunderbar mit der Freude an frischer Luft und sch\u00f6ner Landschaft verbinden. Ziemlich zufrieden kehrten somit alle nach \u00fcberstandenem Stau auf der R\u00fcckfahrt nach Wetter zur\u00fcck.<\/p>\n","protected":false},"author":1,"featured_media":0,"comment_status":"closed","ping_status":"closed","sticky":false,"template":"","format":"standard","meta":{"ngg_post_thumbnail":0,"footnotes":""},"categories":[4],"tags":[],"_links":{"self":[{"href":"https:\/\/rk-wetter.de\/index.php?rest_route=\/wp\/v2\/posts\/706"}],"collection":[{"href":"https:\/\/rk-wetter.de\/index.php?rest_route=\/wp\/v2\/posts"}],"about":[{"href":"https:\/\/rk-wetter.de\/index.php?rest_route=\/wp\/v2\/types\/post"}],"author":[{"embeddable":true,"href":"https:\/\/rk-wetter.de\/index.php?rest_route=\/wp\/v2\/users\/1"}],"replies":[{"embeddable":true,"href":"https:\/\/rk-wetter.de\/index.php?rest_route=%2Fwp%2Fv2%2Fcomments&post=706"}],"version-history":[{"count":2,"href":"https:\/\/rk-wetter.de\/index.php?rest_route=\/wp\/v2\/posts\/706\/revisions"}],"predecessor-version":[{"id":708,"href":"https:\/\/rk-wetter.de\/index.php?rest_route=\/wp\/v2\/posts\/706\/revisions\/708"}],"wp:attachment":[{"href":"https:\/\/rk-wetter.de\/index.php?rest_route=%2Fwp%2Fv2%2Fmedia&parent=706"}],"wp:term":[{"taxonomy":"category","embeddable":true,"href":"https:\/\/rk-wetter.de\/index.php?rest_route=%2Fwp%2Fv2%2Fcategories&post=706"},{"taxonomy":"post_tag","embeddable":true,"href":"https:\/\/rk-wetter.de\/index.php?rest_route=%2Fwp%2Fv2%2Ftags&post=706"}],"curies":[{"name":"wp","href":"https:\/\/api.w.org\/{rel}","templated":true}]}}