{"id":655,"date":"2017-07-22T20:37:52","date_gmt":"2017-07-22T18:37:52","guid":{"rendered":"http:\/\/rk-wetter.de\/?p=655"},"modified":"2021-04-07T15:15:40","modified_gmt":"2021-04-07T13:15:40","slug":"wichtig-laermvorsorge-neue-regelung-ab-2018","status":"publish","type":"post","link":"https:\/\/rk-wetter.de\/?p=655","title":{"rendered":"Wichtig! L\u00e4rmvorsorge, neue Regelung ab 2018"},"content":{"rendered":"<p>Ab 01.01.2018 eine neue Regelung f\u00fcr alle beorderten und nicht beorderten Reservisten, die an Schie\u00df\u00fcbungen teilnehmen wollen. N\u00e4heres hierzu in der Anlage.<\/p>\n<p>HINWEIS: Die Regelung wurde f\u00fcr <strong>nicht beorderte<\/strong> Reservisten bis zum 01.07.2018 durch Landeskommando aufgehoben.<\/p>\n<p>&nbsp;<\/p>\n<p><a href=\"http:\/\/rk-wetter.de\/wp-content\/uploads\/2017\/07\/L\u00e4rmvorsorge-Handlungsanweisung.pdf\">L\u00e4rmvorsorge Handlungsanweisung<\/a><\/p>\n","protected":false},"excerpt":{"rendered":"<p>Ab 01.01.2018 eine neue Regelung f\u00fcr alle beorderten und nicht beorderten Reservisten, die an Schie\u00df\u00fcbungen teilnehmen wollen. N\u00e4heres hierzu in der Anlage. HINWEIS: Die Regelung wurde f\u00fcr nicht beorderte Reservisten bis zum 01.07.2018 durch Landeskommando aufgehoben. &nbsp; L\u00e4rmvorsorge Handlungsanweisung<\/p>\n","protected":false},"author":1,"featured_media":0,"comment_status":"closed","ping_status":"closed","sticky":false,"template":"","format":"standard","meta":{"ngg_post_thumbnail":0,"footnotes":""},"categories":[4],"tags":[],"_links":{"self":[{"href":"https:\/\/rk-wetter.de\/index.php?rest_route=\/wp\/v2\/posts\/655"}],"collection":[{"href":"https:\/\/rk-wetter.de\/index.php?rest_route=\/wp\/v2\/posts"}],"about":[{"href":"https:\/\/rk-wetter.de\/index.php?rest_route=\/wp\/v2\/types\/post"}],"author":[{"embeddable":true,"href":"https:\/\/rk-wetter.de\/index.php?rest_route=\/wp\/v2\/users\/1"}],"replies":[{"embeddable":true,"href":"https:\/\/rk-wetter.de\/index.php?rest_route=%2Fwp%2Fv2%2Fcomments&post=655"}],"version-history":[{"count":2,"href":"https:\/\/rk-wetter.de\/index.php?rest_route=\/wp\/v2\/posts\/655\/revisions"}],"predecessor-version":[{"id":702,"href":"https:\/\/rk-wetter.de\/index.php?rest_route=\/wp\/v2\/posts\/655\/revisions\/702"}],"wp:attachment":[{"href":"https:\/\/rk-wetter.de\/index.php?rest_route=%2Fwp%2Fv2%2Fmedia&parent=655"}],"wp:term":[{"taxonomy":"category","embeddable":true,"href":"https:\/\/rk-wetter.de\/index.php?rest_route=%2Fwp%2Fv2%2Fcategories&post=655"},{"taxonomy":"post_tag","embeddable":true,"href":"https:\/\/rk-wetter.de\/index.php?rest_route=%2Fwp%2Fv2%2Ftags&post=655"}],"curies":[{"name":"wp","href":"https:\/\/api.w.org\/{rel}","templated":true}]}}