{"id":423,"date":"2017-06-19T21:29:39","date_gmt":"2017-06-19T19:29:39","guid":{"rendered":"http:\/\/rk-wetter.de\/?p=423"},"modified":"2023-03-28T09:12:13","modified_gmt":"2023-03-28T07:12:13","slug":"nachlese-zum-2-ruhrtalmarsch","status":"publish","type":"post","link":"https:\/\/rk-wetter.de\/?p=423","title":{"rendered":"Nachlese zum 2. Ruhrtalmarsch"},"content":{"rendered":"<p>94 Marschierer (Aktive, Reservisten und G\u00e4ste) gingen am 17. Juni bei bestem Marschwetter auf die Strecke rund um den Hartkortsee. F\u00fcr die Aufnahme in die Wertung und die erfolgreiche Teilnahme zum Nachweis der k\u00f6rperlichen Leistungsf\u00e4higkeit mussten die angebotenen Strecken innerhalb der Zeitvorgabe mit 15kg Gep\u00e4ck bew\u00e4ltigt werden. Hier sind die Besten in der Einzelwertung:<\/p>\n<h3>6 km-Distanz (26 Teilnehmer)<\/h3>\n<table style=\"border-collapse: collapse; width: 233pt;\" width=\"311\">\n<colgroup>\n<col style=\"width: 98pt;\" width=\"130\">\n<col style=\"width: 75pt;\" width=\"100\">\n<col style=\"width: 61pt;\" width=\"81\"> <\/colgroup>\n<tbody>\n<tr style=\"height: 15.0pt;\">\n<td class=\"xl66\" style=\"width: 98pt; height: 15.0pt;\" width=\"130\" height=\"20\"><strong>Nachname<\/strong><\/td>\n<td class=\"xl66\" style=\"width: 75pt;\" width=\"100\"><strong>Vorname<\/strong><\/td>\n<td class=\"xl66\" style=\"width: 61pt;\" width=\"81\"><strong>Zeit\/ Std.<\/strong><\/td>\n<\/tr>\n<tr style=\"height: 15.0pt;\">\n<td class=\"xl65\" style=\"height: 15.0pt;\" height=\"20\">Sahm<\/td>\n<td class=\"xl65\">Dennis<\/td>\n<td class=\"xl65\" align=\"right\">00:34:12<\/td>\n<\/tr>\n<tr style=\"height: 15.0pt;\">\n<td class=\"xl65\" style=\"height: 15.0pt;\" height=\"20\">Kirschner<\/td>\n<td class=\"xl65\">Tjalf<\/td>\n<td class=\"xl65\" align=\"right\">00:37:20<\/td>\n<\/tr>\n<tr style=\"height: 15.0pt;\">\n<td class=\"xl65\" style=\"height: 15.0pt;\" height=\"20\">Kelka<\/td>\n<td class=\"xl65\">Frank<\/td>\n<td class=\"xl65\" align=\"right\">00:43:47<\/td>\n<\/tr>\n<\/tbody>\n<\/table>\n<p>&nbsp;<\/p>\n<h3>9 km-Distanz (22 Teilnehmer)<\/h3>\n<table width=\"311\">\n<tbody>\n<tr>\n<td width=\"130\">Bremer&nbsp;<\/td>\n<td width=\"100\">Jan<\/td>\n<td style=\"text-align: right;\" width=\"81\">00:54:26<\/td>\n<\/tr>\n<tr>\n<td>Rothermel<\/td>\n<td>Jonas<\/td>\n<td style=\"text-align: right;\">01:03:18<\/td>\n<\/tr>\n<tr>\n<td>Meyer<\/td>\n<td>David<\/td>\n<td style=\"text-align: right;\">01:03:37<\/td>\n<\/tr>\n<\/tbody>\n<\/table>\n<p>&nbsp;<\/p>\n<h3>12 km- Distanz (46 Teilnehmer)<\/h3>\n<table style=\"border-collapse: collapse; width: 233pt;\" width=\"311\">\n<colgroup>\n<col style=\"width: 98pt;\" width=\"130\">\n<col style=\"width: 75pt;\" width=\"100\">\n<col style=\"width: 61pt;\" width=\"81\"> <\/colgroup>\n<tbody>\n<tr style=\"height: 15.0pt;\">\n<td class=\"xl65\" style=\"width: 98pt; height: 15.0pt;\" width=\"130\" height=\"20\">Schr\u00f6der<\/td>\n<td class=\"xl65\" style=\"width: 75pt;\" width=\"100\">Christopher<\/td>\n<td class=\"xl65\" style=\"width: 61pt;\" width=\"81\" align=\"right\">01:04:51<\/td>\n<\/tr>\n<tr style=\"height: 15.0pt;\">\n<td class=\"xl65\" style=\"height: 15.0pt;\" height=\"20\">Gr\u00f6tsch<\/td>\n<td class=\"xl65\">Christian<\/td>\n<td class=\"xl65\" align=\"right\">01:19:57<\/td>\n<\/tr>\n<tr style=\"height: 15.0pt;\">\n<td class=\"xl65\" style=\"height: 15.0pt;\" height=\"20\">Klisch<\/td>\n<td class=\"xl65\">Jonas<\/td>\n<td class=\"xl65\" align=\"right\">01:25:22<\/td>\n<\/tr>\n<\/tbody>\n<\/table>\n<p><a href=\"http:\/\/rk-wetter.de\/?page_id=599\">Fotos<\/a><\/p>\n<p>Eine sch\u00f6ne <a href=\"https:\/\/www.wp.de\/staedte\/herdecke-wetter\/ruhrtal-marsch-id210945751.html?vote=852\">Fotoserie<\/a> hat auch die Westfalenpost ver\u00f6ffentlicht.<\/p>\n","protected":false},"excerpt":{"rendered":"<p>94 Marschierer (Aktive, Reservisten und G\u00e4ste) gingen am 17. Juni bei bestem Marschwetter auf die Strecke rund um den Hartkortsee. F\u00fcr die Aufnahme in die Wertung und die erfolgreiche Teilnahme zum Nachweis der k\u00f6rperlichen Leistungsf\u00e4higkeit mussten die angebotenen Strecken innerhalb der Zeitvorgabe mit 15kg Gep\u00e4ck bew\u00e4ltigt werden. Hier sind die Besten in der Einzelwertung: 6 &hellip; <\/p>\n<p><a class=\"more-link btn\" href=\"https:\/\/rk-wetter.de\/?p=423\">Weiterlesen<\/a><\/p>\n","protected":false},"author":1,"featured_media":596,"comment_status":"closed","ping_status":"closed","sticky":false,"template":"","format":"standard","meta":{"ngg_post_thumbnail":0,"footnotes":""},"categories":[4],"tags":[5],"_links":{"self":[{"href":"https:\/\/rk-wetter.de\/index.php?rest_route=\/wp\/v2\/posts\/423"}],"collection":[{"href":"https:\/\/rk-wetter.de\/index.php?rest_route=\/wp\/v2\/posts"}],"about":[{"href":"https:\/\/rk-wetter.de\/index.php?rest_route=\/wp\/v2\/types\/post"}],"author":[{"embeddable":true,"href":"https:\/\/rk-wetter.de\/index.php?rest_route=\/wp\/v2\/users\/1"}],"replies":[{"embeddable":true,"href":"https:\/\/rk-wetter.de\/index.php?rest_route=%2Fwp%2Fv2%2Fcomments&post=423"}],"version-history":[{"count":9,"href":"https:\/\/rk-wetter.de\/index.php?rest_route=\/wp\/v2\/posts\/423\/revisions"}],"predecessor-version":[{"id":732,"href":"https:\/\/rk-wetter.de\/index.php?rest_route=\/wp\/v2\/posts\/423\/revisions\/732"}],"wp:featuredmedia":[{"embeddable":true,"href":"https:\/\/rk-wetter.de\/index.php?rest_route=\/wp\/v2\/media\/596"}],"wp:attachment":[{"href":"https:\/\/rk-wetter.de\/index.php?rest_route=%2Fwp%2Fv2%2Fmedia&parent=423"}],"wp:term":[{"taxonomy":"category","embeddable":true,"href":"https:\/\/rk-wetter.de\/index.php?rest_route=%2Fwp%2Fv2%2Fcategories&post=423"},{"taxonomy":"post_tag","embeddable":true,"href":"https:\/\/rk-wetter.de\/index.php?rest_route=%2Fwp%2Fv2%2Ftags&post=423"}],"curies":[{"name":"wp","href":"https:\/\/api.w.org\/{rel}","templated":true}]}}