{"id":419,"date":"2017-05-19T13:44:39","date_gmt":"2017-05-19T11:44:39","guid":{"rendered":"http:\/\/rk-wetter.de\/?p=419"},"modified":"2017-07-07T13:05:43","modified_gmt":"2017-07-07T11:05:43","slug":"pressemitteilung-des-praesidenten-des-vdrbw-v-18-05-2017","status":"publish","type":"post","link":"https:\/\/rk-wetter.de\/?p=419","title":{"rendered":"Pressemitteilung des Pr\u00e4sidenten des VdRBw v. 18.05.2017"},"content":{"rendered":"<p><strong>Der Ruf der Bundeswehr steht unter Beschuss. Das betrifft auch die Reserve. Verbandspr\u00e4sident Oswin Veith bezieht Stellung.<\/strong><\/p>\n<p><strong>&nbsp;<\/strong><\/p>\n<p><strong>Berlin \u2013<\/strong> \u201eDie ersch\u00fctternden Vorkommnisse in der Bundeswehr der vergangenen Wochen haben uns alle bis ins Mark getroffen\u201c, sagte der Pr\u00e4sident des Verbandes der Reservisten der Deutschen Bundeswehr e.V., Oberst d.R. Oswin Veith, MdB, beim Parlamentarischen Abend in Berlin am vergangenen Dienstag. Als ehemaliger Wehrdisziplinaranwalt der Bundeswehr zeigte er sich fassungslos ob des dienstlichen Versagens auf den jeweiligen Ebenen der Disziplinarvorgesetzten rund um die Causa Franco A.: \u201eDas ist F\u00fchrungsversagen einer ganzen Reihe hochbezahlter Verantwortungstr\u00e4ger der Bundeswehr. Wo also bleiben die R\u00fccktrittsgesuche all derer, die hier versagt haben?\u201c<\/p>\n<p>&nbsp;<\/p>\n<p>Die Verteidigungsministerin greift hart durch, sprach von einer \u201eNulllinie\u201c. \u201eDas tut sie, weil sie den Ruf der Bundeswehr sch\u00fctzen will. Nat\u00fcrlich begr\u00fc\u00dfen wir, dass sich die Ministerin f\u00fcr den ihr unterstellten Generalverdacht bei den Soldatinnen und Soldaten mehrfach entschuldigt hat. Es darf nicht der Eindruck entstehen, dass alles in der Bundeswehr pl\u00f6tzlich hinterfragt und verteufelt wird. Aber das geschieht auch nicht. Wichtig ist jetzt, auf diesem steinigen Weg jede Soldatin und jeden Soldaten mitzunehmen, und ihnen das Gef\u00fchl zu geben, dass wir uns wie eine Wand vor sie stellen. Die allermeisten Soldatinnen und Soldaten leisten treu und pflichtbewusst ihren unverzichtbaren Dienst. In ihrem Interview vor einigen Wochen hat sich die Ministerin vielleicht ungl\u00fccklich ausgedr\u00fcckt. Aber sie und wir alle k\u00e4mpfen jetzt f\u00fcr dieselbe Sache: den Ruf der Bundeswehr. Es steht viel auf dem Spiel\u201c, betonte Veith im Gespr\u00e4ch.<\/p>\n<p>&nbsp;<\/p>\n<p>Mit dem Wegfall der Wehrpflicht bringen gerade Reservistinnen und Reservisten Vielfalt in die Bundeswehr, gleichzeitig verwurzeln sie die Streitkr\u00e4fte in die Gesellschaft. \u201eWir m\u00f6chten weiterhin das Bindeglied zwischen Gesellschaft und Bundeswehr sein\u201c, sagt Veith. Ein wichtiges Anliegen des Reservistenverbandes ist eine tiefere emotionale Bindung der Reserve an ihre Heimat. \u201eDaher sprechen wir von einer \u201aNationalen Reserve\u2018. Die B\u00fcrgerinnen und B\u00fcrger haben erkannt, welchen Wert die Bundeswehr und auch die Reserve f\u00fcr die Sicherheitsvorsorge haben. Wir Reservisten leisten einen wichtigen Beitrag in der Sicherheitsarchitektur unseres Landes. Wir engagieren uns in der Bundeswehr und im ehrenamtlichen Bereich in unserer Heimat: Wir sind die Nationale Reserve\u201c, erkl\u00e4rt der Oberst der Reserve. \u201eWir wollen das Engagement au\u00dferhalb von konventionellen Beorderungsverh\u00e4ltnissen aber noch st\u00e4rker f\u00f6rdern. Unsere Idee von Landesregimentern soll eben jene Menschen anlocken, die etwas f\u00fcr ihr Land tun wollen.\u201c<\/p>\n<p>&nbsp;<\/p>\n<p>&nbsp;<\/p>\n<p><em>Ansprechpartner bei R\u00fcckfragen: Dr. Victoria Eicker, Fon: 030 409986591<\/em><\/p>\n","protected":false},"excerpt":{"rendered":"<p>Der Ruf der Bundeswehr steht unter Beschuss. Das betrifft auch die Reserve. Verbandspr\u00e4sident Oswin Veith bezieht Stellung. &nbsp; Berlin \u2013 \u201eDie ersch\u00fctternden Vorkommnisse in der Bundeswehr der vergangenen Wochen haben uns alle bis ins Mark getroffen\u201c, sagte der Pr\u00e4sident des Verbandes der Reservisten der Deutschen Bundeswehr e.V., Oberst d.R. Oswin Veith, MdB, beim Parlamentarischen Abend &hellip; <\/p>\n<p><a class=\"more-link btn\" href=\"https:\/\/rk-wetter.de\/?p=419\">Weiterlesen<\/a><\/p>\n","protected":false},"author":1,"featured_media":0,"comment_status":"closed","ping_status":"closed","sticky":false,"template":"","format":"standard","meta":{"ngg_post_thumbnail":0,"footnotes":""},"categories":[4],"tags":[],"_links":{"self":[{"href":"https:\/\/rk-wetter.de\/index.php?rest_route=\/wp\/v2\/posts\/419"}],"collection":[{"href":"https:\/\/rk-wetter.de\/index.php?rest_route=\/wp\/v2\/posts"}],"about":[{"href":"https:\/\/rk-wetter.de\/index.php?rest_route=\/wp\/v2\/types\/post"}],"author":[{"embeddable":true,"href":"https:\/\/rk-wetter.de\/index.php?rest_route=\/wp\/v2\/users\/1"}],"replies":[{"embeddable":true,"href":"https:\/\/rk-wetter.de\/index.php?rest_route=%2Fwp%2Fv2%2Fcomments&post=419"}],"version-history":[{"count":1,"href":"https:\/\/rk-wetter.de\/index.php?rest_route=\/wp\/v2\/posts\/419\/revisions"}],"predecessor-version":[{"id":420,"href":"https:\/\/rk-wetter.de\/index.php?rest_route=\/wp\/v2\/posts\/419\/revisions\/420"}],"wp:attachment":[{"href":"https:\/\/rk-wetter.de\/index.php?rest_route=%2Fwp%2Fv2%2Fmedia&parent=419"}],"wp:term":[{"taxonomy":"category","embeddable":true,"href":"https:\/\/rk-wetter.de\/index.php?rest_route=%2Fwp%2Fv2%2Fcategories&post=419"},{"taxonomy":"post_tag","embeddable":true,"href":"https:\/\/rk-wetter.de\/index.php?rest_route=%2Fwp%2Fv2%2Ftags&post=419"}],"curies":[{"name":"wp","href":"https:\/\/api.w.org\/{rel}","templated":true}]}}