{"id":21,"date":"2017-05-05T22:26:57","date_gmt":"2017-05-05T20:26:57","guid":{"rendered":"http:\/\/rk-wetter.de\/?p=21"},"modified":"2023-03-28T09:18:19","modified_gmt":"2023-03-28T07:18:19","slug":"2-ruhrtalmarsch-2017","status":"publish","type":"post","link":"https:\/\/rk-wetter.de\/?p=21","title":{"rendered":"2. Ruhrtalmarsch 2017"},"content":{"rendered":"<p>Am 17.06.2017 veranstaltet die RK-Wetter in Zusammenarbeit mit der Freiwilligen Feuerwehr Wetter, dem DRK Wetter und dem THW Wetter den 2. Ruhrtalmarsch der Kreisgruppe Unna.<\/p>\n<p>An diesem Leistungsmarsch nach Vorgaben der Bundeswehr \u00fcber 6, 9 und 12km rund um den Hartkortsee k\u00f6nnen neben aktiven Soldaten und Reservisten der Bundeswehr auch Teilnehmer anderer Institutionen und B\u00fcrger teilnehmen.<img loading=\"lazy\" decoding=\"async\" class=\"alignnone size-full wp-image-400\" src=\"http:\/\/rk-wetter.de\/wp-content\/uploads\/2017\/05\/RMarsch.png\" alt=\"\" width=\"569\" height=\"804\" srcset=\"https:\/\/rk-wetter.de\/wp-content\/uploads\/2017\/05\/RMarsch.png 569w, https:\/\/rk-wetter.de\/wp-content\/uploads\/2017\/05\/RMarsch-212x300.png 212w\" sizes=\"(max-width: 569px) 100vw, 569px\" \/><\/p>\n<p><a href=\"http:\/\/rk-wetter.de\/wp-content\/uploads\/2017\/05\/Ruhrtal-Marsch_-_L04.pdf\" target=\"_blank\" rel=\"noopener noreferrer\">Ruhrtal-Marsch-Plakat<\/a><\/p>\n<p><a href=\"http:\/\/rk-wetter.de\/wp-content\/uploads\/2017\/05\/Ausschreibung-Ruhrtalmarsch.pdf\" target=\"_blank\" rel=\"noopener noreferrer\">Ausschreibung Ruhrtalmarsch<\/a><\/p>\n<p><a href=\"http:\/\/rk-wetter.de\/wp-content\/uploads\/2017\/05\/Anmeldung_Leistungsmarsch_2017.pdf\" target=\"_blank\" rel=\"noopener noreferrer\">Anmeldung_Leistungsmarsch_2017<\/a><\/p>\n<p>&nbsp;<\/p>\n","protected":false},"excerpt":{"rendered":"<p>Am 17.06.2017 veranstaltet die RK-Wetter in Zusammenarbeit mit der Freiwilligen Feuerwehr Wetter, dem DRK Wetter und dem THW Wetter den 2. Ruhrtalmarsch der Kreisgruppe Unna. An diesem Leistungsmarsch nach Vorgaben der Bundeswehr \u00fcber 6, 9 und 12km rund um den Hartkortsee k\u00f6nnen neben aktiven Soldaten und Reservisten der Bundeswehr auch Teilnehmer anderer Institutionen und B\u00fcrger &hellip; <\/p>\n<p><a class=\"more-link btn\" href=\"https:\/\/rk-wetter.de\/?p=21\">Weiterlesen<\/a><\/p>\n","protected":false},"author":1,"featured_media":0,"comment_status":"closed","ping_status":"closed","sticky":false,"template":"","format":"standard","meta":{"ngg_post_thumbnail":0,"footnotes":""},"categories":[4],"tags":[5],"_links":{"self":[{"href":"https:\/\/rk-wetter.de\/index.php?rest_route=\/wp\/v2\/posts\/21"}],"collection":[{"href":"https:\/\/rk-wetter.de\/index.php?rest_route=\/wp\/v2\/posts"}],"about":[{"href":"https:\/\/rk-wetter.de\/index.php?rest_route=\/wp\/v2\/types\/post"}],"author":[{"embeddable":true,"href":"https:\/\/rk-wetter.de\/index.php?rest_route=\/wp\/v2\/users\/1"}],"replies":[{"embeddable":true,"href":"https:\/\/rk-wetter.de\/index.php?rest_route=%2Fwp%2Fv2%2Fcomments&post=21"}],"version-history":[{"count":10,"href":"https:\/\/rk-wetter.de\/index.php?rest_route=\/wp\/v2\/posts\/21\/revisions"}],"predecessor-version":[{"id":417,"href":"https:\/\/rk-wetter.de\/index.php?rest_route=\/wp\/v2\/posts\/21\/revisions\/417"}],"wp:attachment":[{"href":"https:\/\/rk-wetter.de\/index.php?rest_route=%2Fwp%2Fv2%2Fmedia&parent=21"}],"wp:term":[{"taxonomy":"category","embeddable":true,"href":"https:\/\/rk-wetter.de\/index.php?rest_route=%2Fwp%2Fv2%2Fcategories&post=21"},{"taxonomy":"post_tag","embeddable":true,"href":"https:\/\/rk-wetter.de\/index.php?rest_route=%2Fwp%2Fv2%2Ftags&post=21"}],"curies":[{"name":"wp","href":"https:\/\/api.w.org\/{rel}","templated":true}]}}