{"id":174,"date":"2017-05-06T16:36:38","date_gmt":"2017-05-06T14:36:38","guid":{"rendered":"http:\/\/rk-wetter.de\/?p=174"},"modified":"2017-05-06T16:36:38","modified_gmt":"2017-05-06T14:36:38","slug":"besuch-im-nrw-landtag","status":"publish","type":"post","link":"https:\/\/rk-wetter.de\/?p=174","title":{"rendered":"Besuch im NRW-Landtag"},"content":{"rendered":"<p>Einer Einladung von Frau Ministerpr\u00e4sidentin Hannelore Kraft folgten Reservisten aus NRW, darunter<br \/>\nauch Mitglieder der RK Wetter am 5.11. zum Landtag nach D\u00fcsseldorf. In ihrer Ansprache f\u00fchrte Frau<br \/>\nKraft aus, dass es nach wie vor wichtig sei die die Toten der beiden Weltkriege in Erinnerung zu<br \/>\nhalten. Daher unterst\u00fctze sie als Schirmherrin den Volksbund Deutsche Kriegsgr\u00e4berf\u00fcrsorge e.V.,<br \/>\ndamit auch weiter die Grabpflege und die dazugeh\u00f6rigen T\u00e4tigkeiten durchgef\u00fchrt werden k\u00f6nnen.<br \/>\nAu\u00dferdem wird durch Spenden die Jugendarbeit ma\u00dfgeblich unterst\u00fctzt. Mit diesen Worten stimmte Frau<br \/>\nKraft die erschienen Sammler ein und bedankte sich bereits im Vorfeld f\u00fcr das Engagement f\u00fcr die<br \/>\nSammlert\u00e4tigkeit.<\/p>\n<p><img decoding=\"async\" src=\"http:\/\/rk-wetter.de\/mediapool\/145\/1459761\/resources\/big_35041031_0_500-375.jpg\"><\/p>\n","protected":false},"excerpt":{"rendered":"<p>Einer Einladung von Frau Ministerpr\u00e4sidentin Hannelore Kraft folgten Reservisten aus NRW, darunter auch Mitglieder der RK Wetter am 5.11. zum Landtag nach D\u00fcsseldorf. In ihrer Ansprache f\u00fchrte Frau Kraft aus, dass es nach wie vor wichtig sei die die Toten der beiden Weltkriege in Erinnerung zu halten. Daher unterst\u00fctze sie als Schirmherrin den Volksbund Deutsche &hellip; <\/p>\n<p><a class=\"more-link btn\" href=\"https:\/\/rk-wetter.de\/?p=174\">Weiterlesen<\/a><\/p>\n","protected":false},"author":1,"featured_media":0,"comment_status":"closed","ping_status":"closed","sticky":false,"template":"","format":"standard","meta":{"ngg_post_thumbnail":0,"footnotes":""},"categories":[4],"tags":[],"_links":{"self":[{"href":"https:\/\/rk-wetter.de\/index.php?rest_route=\/wp\/v2\/posts\/174"}],"collection":[{"href":"https:\/\/rk-wetter.de\/index.php?rest_route=\/wp\/v2\/posts"}],"about":[{"href":"https:\/\/rk-wetter.de\/index.php?rest_route=\/wp\/v2\/types\/post"}],"author":[{"embeddable":true,"href":"https:\/\/rk-wetter.de\/index.php?rest_route=\/wp\/v2\/users\/1"}],"replies":[{"embeddable":true,"href":"https:\/\/rk-wetter.de\/index.php?rest_route=%2Fwp%2Fv2%2Fcomments&post=174"}],"version-history":[{"count":1,"href":"https:\/\/rk-wetter.de\/index.php?rest_route=\/wp\/v2\/posts\/174\/revisions"}],"predecessor-version":[{"id":175,"href":"https:\/\/rk-wetter.de\/index.php?rest_route=\/wp\/v2\/posts\/174\/revisions\/175"}],"wp:attachment":[{"href":"https:\/\/rk-wetter.de\/index.php?rest_route=%2Fwp%2Fv2%2Fmedia&parent=174"}],"wp:term":[{"taxonomy":"category","embeddable":true,"href":"https:\/\/rk-wetter.de\/index.php?rest_route=%2Fwp%2Fv2%2Fcategories&post=174"},{"taxonomy":"post_tag","embeddable":true,"href":"https:\/\/rk-wetter.de\/index.php?rest_route=%2Fwp%2Fv2%2Ftags&post=174"}],"curies":[{"name":"wp","href":"https:\/\/api.w.org\/{rel}","templated":true}]}}