{"id":162,"date":"2017-05-06T16:29:14","date_gmt":"2017-05-06T14:29:14","guid":{"rendered":"http:\/\/rk-wetter.de\/?p=162"},"modified":"2017-05-06T16:31:55","modified_gmt":"2017-05-06T14:31:55","slug":"reservisten-beim-tag-der-offenen-tuer","status":"publish","type":"post","link":"https:\/\/rk-wetter.de\/?p=162","title":{"rendered":"Reservisten beim Tag der offenen T\u00fcr"},"content":{"rendered":"<p>Das Munitionsdepot in Wulfen war am Samstag, 26.9., das Ziel einer Besichtigung durch die RK Wetter. Dieses Depot z\u00e4hlt mit 381 Lagerh\u00e4usern, mit einer Lagerkapazit\u00e4t von bis zu 62.000 Tonnen Munition und Sprengstoff, zu den gr\u00f6\u00dften Lagerst\u00e4tten Westeuropas. Auf dem 210 Hektar gro\u00dfen Areal befinden sich 15 km Bahngleise, 25 km Stra\u00dfennetz und ist umschlossen von 7,5 km Zaun. In seiner Er\u00f6ffnungsrede dankte der Kommandeur, Oberstleutnant <span class=\"text_exposed_show\">David Helm, der Bev\u00f6lkerung und den Reservisten f\u00fcr ihre Unterst\u00fctzung an diesem Tag. Eine vorbildliche Organisation f\u00fchrte die Besucher durch das Gel\u00e4nde. Stationen der einzelnen Darbietungen waren Ladungssicherung, Bundeswehrfeuerwehr Diensthundeausbildung u.v.m. Da an diesem Tag auch das Wetter mitspielte, war die gesamte Veranstaltung ein sch\u00f6nes Erlebnis. Herzlichen Dank und Respekt an die Organisatoren.<img decoding=\"async\" class=\"alignleft\" src=\"http:\/\/rk-wetter.de\/mediapool\/145\/1459761\/resources\/big_36864135_0_300-200.jpg\"><img decoding=\"async\" class=\"alignnone\" src=\"http:\/\/rk-wetter.de\/mediapool\/145\/1459761\/resources\/big_36864141_0_300-200.jpg\"><\/span><\/p>\n","protected":false},"excerpt":{"rendered":"<p>Das Munitionsdepot in Wulfen war am Samstag, 26.9., das Ziel einer Besichtigung durch die RK Wetter. Dieses Depot z\u00e4hlt mit 381 Lagerh\u00e4usern, mit einer Lagerkapazit\u00e4t von bis zu 62.000 Tonnen Munition und Sprengstoff, zu den gr\u00f6\u00dften Lagerst\u00e4tten Westeuropas. Auf dem 210 Hektar gro\u00dfen Areal befinden sich 15 km Bahngleise, 25 km Stra\u00dfennetz und ist umschlossen &hellip; <\/p>\n<p><a class=\"more-link btn\" href=\"https:\/\/rk-wetter.de\/?p=162\">Weiterlesen<\/a><\/p>\n","protected":false},"author":1,"featured_media":0,"comment_status":"closed","ping_status":"closed","sticky":false,"template":"","format":"standard","meta":{"ngg_post_thumbnail":0,"footnotes":""},"categories":[4],"tags":[],"_links":{"self":[{"href":"https:\/\/rk-wetter.de\/index.php?rest_route=\/wp\/v2\/posts\/162"}],"collection":[{"href":"https:\/\/rk-wetter.de\/index.php?rest_route=\/wp\/v2\/posts"}],"about":[{"href":"https:\/\/rk-wetter.de\/index.php?rest_route=\/wp\/v2\/types\/post"}],"author":[{"embeddable":true,"href":"https:\/\/rk-wetter.de\/index.php?rest_route=\/wp\/v2\/users\/1"}],"replies":[{"embeddable":true,"href":"https:\/\/rk-wetter.de\/index.php?rest_route=%2Fwp%2Fv2%2Fcomments&post=162"}],"version-history":[{"count":3,"href":"https:\/\/rk-wetter.de\/index.php?rest_route=\/wp\/v2\/posts\/162\/revisions"}],"predecessor-version":[{"id":167,"href":"https:\/\/rk-wetter.de\/index.php?rest_route=\/wp\/v2\/posts\/162\/revisions\/167"}],"wp:attachment":[{"href":"https:\/\/rk-wetter.de\/index.php?rest_route=%2Fwp%2Fv2%2Fmedia&parent=162"}],"wp:term":[{"taxonomy":"category","embeddable":true,"href":"https:\/\/rk-wetter.de\/index.php?rest_route=%2Fwp%2Fv2%2Fcategories&post=162"},{"taxonomy":"post_tag","embeddable":true,"href":"https:\/\/rk-wetter.de\/index.php?rest_route=%2Fwp%2Fv2%2Ftags&post=162"}],"curies":[{"name":"wp","href":"https:\/\/api.w.org\/{rel}","templated":true}]}}