{"id":160,"date":"2017-05-06T16:28:01","date_gmt":"2017-05-06T14:28:01","guid":{"rendered":"http:\/\/rk-wetter.de\/?p=160"},"modified":"2023-03-28T09:18:00","modified_gmt":"2023-03-28T07:18:00","slug":"volkstrauertag","status":"publish","type":"post","link":"https:\/\/rk-wetter.de\/?p=160","title":{"rendered":"Volkstrauertag"},"content":{"rendered":"<p>Zur Gedenkstunde und zur Kranzniederlegung hatten sich die Reservistenkameradschaft Wetter und die L\u00f6schgruppe Alt-Wetter versammelt. F\u00fcr den musikalischen Rahmen sorgte die Chorgemeinschaft des Sch\u00f6ntaler M\u00e4nnerchors und des Quartettvereins sowie Thorsten M\u00fchlhoff (Trompete). Die Gedenkrede hielt die stellv. B\u00fcrgermeisterin Kirsten Stich. Von der Luthergemeinde hielt Vikar Dr. Markus Totzeck eine kleine Andacht. Weiterhin waren das THW und das DRK erschienen.<img decoding=\"async\" class=\"aligncenter\" src=\"http:\/\/rk-wetter.de\/mediapool\/145\/1459761\/resources\/big_37104909_0_300-200.jpg\"><img decoding=\"async\" src=\"http:\/\/rk-wetter.de\/mediapool\/145\/1459761\/resources\/big_37104913_0_300-200.jpg\"><\/p>\n","protected":false},"excerpt":{"rendered":"<p>Zur Gedenkstunde und zur Kranzniederlegung hatten sich die Reservistenkameradschaft Wetter und die L\u00f6schgruppe Alt-Wetter versammelt. F\u00fcr den musikalischen Rahmen sorgte die Chorgemeinschaft des Sch\u00f6ntaler M\u00e4nnerchors und des Quartettvereins sowie Thorsten M\u00fchlhoff (Trompete). Die Gedenkrede hielt die stellv. B\u00fcrgermeisterin Kirsten Stich. Von der Luthergemeinde hielt Vikar Dr. Markus Totzeck eine kleine Andacht. Weiterhin waren das THW &hellip; <\/p>\n<p><a class=\"more-link btn\" href=\"https:\/\/rk-wetter.de\/?p=160\">Weiterlesen<\/a><\/p>\n","protected":false},"author":1,"featured_media":0,"comment_status":"closed","ping_status":"closed","sticky":false,"template":"","format":"standard","meta":{"ngg_post_thumbnail":0,"footnotes":""},"categories":[4],"tags":[9],"_links":{"self":[{"href":"https:\/\/rk-wetter.de\/index.php?rest_route=\/wp\/v2\/posts\/160"}],"collection":[{"href":"https:\/\/rk-wetter.de\/index.php?rest_route=\/wp\/v2\/posts"}],"about":[{"href":"https:\/\/rk-wetter.de\/index.php?rest_route=\/wp\/v2\/types\/post"}],"author":[{"embeddable":true,"href":"https:\/\/rk-wetter.de\/index.php?rest_route=\/wp\/v2\/users\/1"}],"replies":[{"embeddable":true,"href":"https:\/\/rk-wetter.de\/index.php?rest_route=%2Fwp%2Fv2%2Fcomments&post=160"}],"version-history":[{"count":1,"href":"https:\/\/rk-wetter.de\/index.php?rest_route=\/wp\/v2\/posts\/160\/revisions"}],"predecessor-version":[{"id":161,"href":"https:\/\/rk-wetter.de\/index.php?rest_route=\/wp\/v2\/posts\/160\/revisions\/161"}],"wp:attachment":[{"href":"https:\/\/rk-wetter.de\/index.php?rest_route=%2Fwp%2Fv2%2Fmedia&parent=160"}],"wp:term":[{"taxonomy":"category","embeddable":true,"href":"https:\/\/rk-wetter.de\/index.php?rest_route=%2Fwp%2Fv2%2Fcategories&post=160"},{"taxonomy":"post_tag","embeddable":true,"href":"https:\/\/rk-wetter.de\/index.php?rest_route=%2Fwp%2Fv2%2Ftags&post=160"}],"curies":[{"name":"wp","href":"https:\/\/api.w.org\/{rel}","templated":true}]}}