{"id":158,"date":"2017-05-06T15:42:27","date_gmt":"2017-05-06T13:42:27","guid":{"rendered":"http:\/\/rk-wetter.de\/?p=158"},"modified":"2017-05-06T15:43:05","modified_gmt":"2017-05-06T13:43:05","slug":"jahresausklang-der-reservistenkameradschaft-wetter","status":"publish","type":"post","link":"https:\/\/rk-wetter.de\/?p=158","title":{"rendered":"Jahresausklang der Reservistenkameradschaft Wetter"},"content":{"rendered":"<p>Der Jahresausklang der Reservistenkameradschaft Wetter im Restaurant Kolossos, Sprockh\u00f6vel, war begleitet von Ehrungen und kleinen Geschenken f\u00fcr verdiente Mitglieder. An diesem Abend waren zahlreiche Mitglieder mit Ihren Partnern erschienen um einen harmonischen Abend zu verbringen. So ehrte der Vorsitzende der RK, Tobias Steinke-Wisch (3.v.l.) verdiente Mitglieder. Knut Ohmann (1.v.l) f\u00fcr 10 Jah<span class=\"text_exposed_show\">re Mitgliedschaft, J\u00f6rg Schneider (2.v.l.) f\u00fcr 30 Jahre Mitgliedschaft, Norbert Roher (4.v.l.) f\u00fcr 15 Jahre Mitgliedschaft. Weiterhin wurden die guten Sch\u00fctzen der KK-Kreismeisterschaft f\u00fcr den 1. Platz geehrt. Dies sind Hans-Werner T\u00f6nis (1.v.r.) und Klaus-Dieter Busse (2.v.r.). Auf dem Foto fehlen leider Walter Wiggers und Thomas Bischoff. Eine besondere Ehre wurde dem Vorsitzenden der RK zu Teil. Tobias Steinke-Wisch wurde durch den stellvertreten Vorsitzenden, J\u00f6rg Schneider, die Verdienstnadel in Bronze \u00fcberreicht. Zum Abschluss erhielten die stolzen geehrten noch ein kleines Geschenk.<\/span><img decoding=\"async\" class=\"aligncenter\" src=\"http:\/\/rk-wetter.de\/mediapool\/145\/1459761\/resources\/big_37194068_0_400-266.jpg\"><\/p>\n","protected":false},"excerpt":{"rendered":"<p>Der Jahresausklang der Reservistenkameradschaft Wetter im Restaurant Kolossos, Sprockh\u00f6vel, war begleitet von Ehrungen und kleinen Geschenken f\u00fcr verdiente Mitglieder. An diesem Abend waren zahlreiche Mitglieder mit Ihren Partnern erschienen um einen harmonischen Abend zu verbringen. So ehrte der Vorsitzende der RK, Tobias Steinke-Wisch (3.v.l.) verdiente Mitglieder. Knut Ohmann (1.v.l) f\u00fcr 10 Jahre Mitgliedschaft, J\u00f6rg Schneider &hellip; <\/p>\n<p><a class=\"more-link btn\" href=\"https:\/\/rk-wetter.de\/?p=158\">Weiterlesen<\/a><\/p>\n","protected":false},"author":1,"featured_media":0,"comment_status":"closed","ping_status":"closed","sticky":false,"template":"","format":"standard","meta":{"ngg_post_thumbnail":0,"footnotes":""},"categories":[4],"tags":[],"_links":{"self":[{"href":"https:\/\/rk-wetter.de\/index.php?rest_route=\/wp\/v2\/posts\/158"}],"collection":[{"href":"https:\/\/rk-wetter.de\/index.php?rest_route=\/wp\/v2\/posts"}],"about":[{"href":"https:\/\/rk-wetter.de\/index.php?rest_route=\/wp\/v2\/types\/post"}],"author":[{"embeddable":true,"href":"https:\/\/rk-wetter.de\/index.php?rest_route=\/wp\/v2\/users\/1"}],"replies":[{"embeddable":true,"href":"https:\/\/rk-wetter.de\/index.php?rest_route=%2Fwp%2Fv2%2Fcomments&post=158"}],"version-history":[{"count":1,"href":"https:\/\/rk-wetter.de\/index.php?rest_route=\/wp\/v2\/posts\/158\/revisions"}],"predecessor-version":[{"id":159,"href":"https:\/\/rk-wetter.de\/index.php?rest_route=\/wp\/v2\/posts\/158\/revisions\/159"}],"wp:attachment":[{"href":"https:\/\/rk-wetter.de\/index.php?rest_route=%2Fwp%2Fv2%2Fmedia&parent=158"}],"wp:term":[{"taxonomy":"category","embeddable":true,"href":"https:\/\/rk-wetter.de\/index.php?rest_route=%2Fwp%2Fv2%2Fcategories&post=158"},{"taxonomy":"post_tag","embeddable":true,"href":"https:\/\/rk-wetter.de\/index.php?rest_route=%2Fwp%2Fv2%2Ftags&post=158"}],"curies":[{"name":"wp","href":"https:\/\/api.w.org\/{rel}","templated":true}]}}