{"id":1048,"date":"2025-04-19T16:31:38","date_gmt":"2025-04-19T14:31:38","guid":{"rendered":"https:\/\/rk-wetter.de\/?p=1048"},"modified":"2025-04-19T16:31:39","modified_gmt":"2025-04-19T14:31:39","slug":"15k3","status":"publish","type":"post","link":"https:\/\/rk-wetter.de\/?p=1048","title":{"rendered":"15K3"},"content":{"rendered":"\n\n\n<div>Marschieren gegen das Vergessen \u2013 so lautet ein Leitsatz der \u201eK3-M\u00e4rsche\u201c, die seit einigen Jahren in der Bundesrepublik Deutschland durchgef\u00fchrt werden.\n<div><br>Hintergrund dieser M\u00e4rsche ist das sogenannte \u201eKarfreitagsgefecht\u201c vom 02.04.2010 in Isa Khel \/ Afghanistan.<\/div>\n<\/div>\n<div>&nbsp;<\/div>\n<div>Es war eines der schwersten Gefechte in der Geschichte der Bundeswehr \u2013 drei deutsche Fallschirmj\u00e4ger verloren ihr Leben; weitere Kameraden wurden schwer verwundet und mussten von US-amerikanischen Hubschraubern unter Beschuss aufgenommen und in das Feldlager Kunduz ausgeflogen werden.<\/div>\n<div>&nbsp;<\/div>\n<div>Um den gefallenen Soldaten zu gedenken und an das Gefecht zu erinnern, wurde 2020 der K3-Marsch ins Leben gerufen. Die Soldaten des ersten Marsches liefen noch zehn Kilometer mit zehn Kilogramm Gep\u00e4ck. Mit jedem Jahr kommen ein Kilometer mehr Strecke und ein Kilo mehr Gewicht dazu.&nbsp;<br><br>Unter F\u00fchrung der Kreisgruppe Unna und in Zusammenarbeit mit der RAG Mil. Ausbildung, den Johannitern und der RK Holzwickede haben wir auch in diesem Jahr &#8211; tats\u00e4chlich auf Karfreitag &#8211; an dem gemeinsamen Marsch teilgenommen und der Kameraden gedacht.&nbsp;<\/div>\n<div>&nbsp;<\/div>\n<div>Jetzt kann das Osterfest f\u00fcr uns beginnen und wir w\u00fcnschen allen Kameradinnen und Kameraden, sowie Freunden und F\u00f6rderern unserer RK frohe Festtage.&nbsp;<\/div>\n<div>&nbsp;<\/div>\n<div>&nbsp;<\/div>\n\n\n\n<figure class=\"wp-block-image size-large\"><img loading=\"lazy\" decoding=\"async\" width=\"1024\" height=\"768\" src=\"http:\/\/rk-wetter.de\/wp-content\/uploads\/2025\/04\/IMG_3727-1024x768.jpeg\" alt=\"\" class=\"wp-image-1053\" srcset=\"https:\/\/rk-wetter.de\/wp-content\/uploads\/2025\/04\/IMG_3727-1024x768.jpeg 1024w, https:\/\/rk-wetter.de\/wp-content\/uploads\/2025\/04\/IMG_3727-300x225.jpeg 300w, https:\/\/rk-wetter.de\/wp-content\/uploads\/2025\/04\/IMG_3727-768x576.jpeg 768w, https:\/\/rk-wetter.de\/wp-content\/uploads\/2025\/04\/IMG_3727-1536x1152.jpeg 1536w, https:\/\/rk-wetter.de\/wp-content\/uploads\/2025\/04\/IMG_3727-2048x1536.jpeg 2048w, https:\/\/rk-wetter.de\/wp-content\/uploads\/2025\/04\/IMG_3727-750x563.jpeg 750w\" sizes=\"(max-width: 1024px) 100vw, 1024px\" \/><\/figure>\n","protected":false},"excerpt":{"rendered":"<p>Marschieren gegen das Vergessen \u2013 so lautet ein Leitsatz der \u201eK3-M\u00e4rsche\u201c, die seit einigen Jahren in der Bundesrepublik Deutschland durchgef\u00fchrt werden. Hintergrund dieser M\u00e4rsche ist das sogenannte \u201eKarfreitagsgefecht\u201c vom 02.04.2010 in Isa Khel \/ Afghanistan. &nbsp; Es war eines der schwersten Gefechte in der Geschichte der Bundeswehr \u2013 drei deutsche Fallschirmj\u00e4ger verloren ihr Leben; weitere &hellip; <\/p>\n<p><a class=\"more-link btn\" href=\"https:\/\/rk-wetter.de\/?p=1048\">Weiterlesen<\/a><\/p>\n","protected":false},"author":4,"featured_media":1052,"comment_status":"closed","ping_status":"closed","sticky":false,"template":"","format":"standard","meta":{"ngg_post_thumbnail":0,"footnotes":""},"categories":[2],"tags":[17,13],"_links":{"self":[{"href":"https:\/\/rk-wetter.de\/index.php?rest_route=\/wp\/v2\/posts\/1048"}],"collection":[{"href":"https:\/\/rk-wetter.de\/index.php?rest_route=\/wp\/v2\/posts"}],"about":[{"href":"https:\/\/rk-wetter.de\/index.php?rest_route=\/wp\/v2\/types\/post"}],"author":[{"embeddable":true,"href":"https:\/\/rk-wetter.de\/index.php?rest_route=\/wp\/v2\/users\/4"}],"replies":[{"embeddable":true,"href":"https:\/\/rk-wetter.de\/index.php?rest_route=%2Fwp%2Fv2%2Fcomments&post=1048"}],"version-history":[{"count":2,"href":"https:\/\/rk-wetter.de\/index.php?rest_route=\/wp\/v2\/posts\/1048\/revisions"}],"predecessor-version":[{"id":1055,"href":"https:\/\/rk-wetter.de\/index.php?rest_route=\/wp\/v2\/posts\/1048\/revisions\/1055"}],"wp:featuredmedia":[{"embeddable":true,"href":"https:\/\/rk-wetter.de\/index.php?rest_route=\/wp\/v2\/media\/1052"}],"wp:attachment":[{"href":"https:\/\/rk-wetter.de\/index.php?rest_route=%2Fwp%2Fv2%2Fmedia&parent=1048"}],"wp:term":[{"taxonomy":"category","embeddable":true,"href":"https:\/\/rk-wetter.de\/index.php?rest_route=%2Fwp%2Fv2%2Fcategories&post=1048"},{"taxonomy":"post_tag","embeddable":true,"href":"https:\/\/rk-wetter.de\/index.php?rest_route=%2Fwp%2Fv2%2Ftags&post=1048"}],"curies":[{"name":"wp","href":"https:\/\/api.w.org\/{rel}","templated":true}]}}